{"id":2597,"date":"2025-05-28T09:26:33","date_gmt":"2025-05-28T09:26:33","guid":{"rendered":"https:\/\/uzpruk.com\/?p=2597"},"modified":"2025-05-28T09:26:37","modified_gmt":"2025-05-28T09:26:37","slug":"taberele-arc-2025-7000-de-tineri-romani-care-traiesc-in-afara-tarii-sunt-asteptati-in-romania","status":"publish","type":"post","link":"https:\/\/uzpruk.com\/en\/taberele-arc-2025-7000-de-tineri-romani-care-traiesc-in-afara-tarii-sunt-asteptati-in-romania\/","title":{"rendered":"Taberele ARC, 2025: 7000 de tineri rom\u00e2ni care tr\u0103iesc \u00een afara \u021b\u0103rii sunt a\u0219tepta\u021bi \u00een Rom\u00e2nia"},"content":{"rendered":"\n<p class=\"wp-block-paragraph\"><\/p>\n\n\n\n<p class=\"wp-block-paragraph\">Departamentul pentru Rom\u00e2nii de Pretutindeni (DRP) a lansat cea de-a XVI-a edi\u021bie a Programului de Tabere \u201eARC\u201d \u0219i a deschis sesiunea de \u00eenscriere pentru cele 7000 de locuri disponibile, \u00een nou\u0103 loca\u021bii din \u021bar\u0103.<\/p>\n\n\n\n<p class=\"wp-block-paragraph\">Cristina\u2013Lavinia Arn\u0103utu, director cu atribu\u021bii de secretar de stat al DRP: <em>\u201c<\/em><em>\u00cen acest an, tinerii rom\u00e2ni de pretutindeni vor avea oportunitatea s\u0103 cunoasc\u0103 Rom\u00e2nia prin interac\u021biunea cu me\u0219teri \u0219i arti\u0219ti populari din diferite zone ale \u021b\u0103rii. \u00cen cadrul activit\u0103\u021bilor programate, ne dorim s\u0103 transmitem \u00eentr-un mod c\u00e2t mai pl\u0103cut, accesibil \u0219i distractiv o parte din tradi\u021biile \u0219i cultura noastr\u0103 na\u021bional\u0103. \u00cen fiecare dintre cele nou\u0103 loca\u021bii, cele mai multe de p\u00e2n\u0103 acum, copiii vor avea parte de experien\u021be diverse, pe m\u0103sura curiozit\u0103\u021bii \u0219i entuziasmului lor. \u00cei a\u0219tept\u0103m cu drag \u00een \u021bar\u0103!<\/em><em>\u201d<\/em><\/p>\n\n\n\n<p class=\"wp-block-paragraph\">Programul de Tabere ARC, ini\u021biat de Departamentul pentru Rom\u00e2nii de Pretutindeni, este destinat elevilor \u015fi tinerilor rom\u00e2ni din afara grani\u021belor \u021b\u0103rii, care se \u00eencadreaz\u0103, conform legii, \u00een categoria rom\u00e2nilor de pretutindeni<a href=\"https:\/\/dprp.gov.ro\/web\/comunicate\/drp-deschide-sesiunea-de-inscriere-in-taberele-arc-2025\/#_ftn1\">[1]<\/a>.<\/p>\n\n\n\n<p class=\"wp-block-paragraph\">\u00cen perioada 15 mai \u2013 15 iunie 2025, cei interesa\u021bi se pot \u00eenscrie prin intermediul aplica\u021biei <a href=\"https:\/\/dprp.arc.inspect.com.ro\/\" target=\"_blank\" rel=\"noreferrer noopener\">https:\/\/dprp.arc.inspect.com.ro\/<\/a>. Aplica\u021bia permite \u00eenscrierea de grupuri de p\u00e2n\u0103 la 12 participan\u021bi, de asemenea, alegerea perioadei \u0219i loca\u021biei. Mai multe informa\u021bii sunt disponibile \u00een <strong>regulamentul <\/strong><strong><a href=\"https:\/\/dprp.arc.inspect.com.ro\/participanti-evenimente-arc\/\" target=\"_blank\" rel=\"noreferrer noopener\">de aici<\/a><\/strong><strong>.<\/strong><\/p>\n\n\n\n<p class=\"wp-block-paragraph\">Edi\u021bia din acest an, organizat\u0103 cu sprijinul Agen\u021biei Na\u021bionale pentru Sport, al Consiliului Jude\u021bean D\u00e2mbovi\u021ba \u0219i al Patriarhiei Rom\u00e2ne, se va desf\u0103\u0219ura \u00een intervalul 1&nbsp;iulie \u2013 2 septembrie 2025, \u00een serii consecutive, de c\u00e2te 8 zile, \u00een urm\u0103toarele loca\u021bii:<\/p>\n\n\n\n<ol class=\"wp-block-list\">\n<li>Centrul de Agrement Oglinzi, jude\u021bul Neam\u021b<\/li>\n\n\n\n<li>Centrul de Agrement S\u00e2ngeorz-B\u0103i, jude\u021bul Bistri\u021ba-N\u0103s\u0103ud<\/li>\n\n\n\n<li>Centrul de Agrement Codrii de Aram\u0103, jude\u021bul Boto\u0219ani<\/li>\n\n\n\n<li>Centrul de Agrement C\u0103prioara \u2013 Moroeni, jude\u021bul D\u00e2mbovi\u021ba<\/li>\n\n\n\n<li>Centrul de Agrement G\u0103l\u0103ciuc, jude\u021bul Vrancea<\/li>\n\n\n\n<li>Satul de vacan\u021b\u0103 IC Ponor Padi\u0219, jude\u021bul Cluj<\/li>\n\n\n\n<li>Centrul Sportiv Na\u021bional \u201eElisabeta Lip\u0103\u201d Snagov, jude\u021bul Ilfov<\/li>\n\n\n\n<li>Centrul Sportiv Na\u021bional Arcul de Triumf, municipiul Bucure\u0219ti<\/li>\n\n\n\n<li>M\u0103n\u0103stirea Caraiman \u2013 Bu\u0219teni, jude\u021bul Prahova.<\/li>\n<\/ol>\n\n\n\n<p class=\"wp-block-paragraph\">Timp de o s\u0103pt\u0103m\u00e2n\u0103, copiii \u00ee\u0219i pot \u00eembun\u0103t\u0103\u021bi cuno\u0219tin\u021bele despre Rom\u00e2nia \u0219i abilit\u0103\u021bile de comunicare \u00een limba rom\u00e2n\u0103 prin intermediul atelierelor interactive \u00een care vor \u00eenv\u0103\u021ba me\u0219te\u0219uguri tradi\u021bionale, cum se realizeaz\u0103 obiectele de artizanat sau portul popular. \u00cen acela\u0219i timp, prin dans, muzic\u0103, activit\u0103\u021bi sportive \u0219i cu caracter preventiv (prim-ajutor, siguran\u021b\u0103 rutier\u0103, prevenirea incendiilor, campanii antidrog etc), \u00eent\u00e2lniri cu reprezentan\u021bi ai autorit\u0103\u021bilor locale \u0219i excursii la cele mai frumoase obiective, vor afla mai multe informa\u021bii despre istoria, geografia \u0219i cultura zonei vizitate.<\/p>\n\n\n\n<p class=\"wp-block-paragraph\">Organizatorii vor asigura cheltuielile de cazare \u015fi mas\u0103 pentru to\u0163i participan\u021bii din tabere. Participan\u0163ii din diaspora \u00ee\u015fi vor asigura, din surse proprii, cheltuielile de transport din \u0163ara de re\u015fedin\u0163\u0103 p\u00e2n\u0103 la Bucure\u015fti \u015fi retur.<\/p>\n\n\n\n<p class=\"wp-block-paragraph\">De asemenea, aplica\u021bia <a href=\"https:\/\/dprp.arc.inspect.com.ro\/\" target=\"_blank\" rel=\"noreferrer noopener\">https:\/\/dprp.arc.inspect.com.ro\/<\/a> este deschis\u0103 \u0219i tinerilor rom\u00e2ni care doresc s\u0103 se implice ca voluntari, s\u0103 intre \u00een contact cu noua genera\u021bie de rom\u00e2ni din diaspora \u0219i comunit\u0103\u021bile istorice \u0219i s\u0103-i ajute s\u0103 descopere Rom\u00e2nia.<\/p>\n\n\n\n<p class=\"wp-block-paragraph\">Mai multe informa\u021bii despre \u00eenscriere sunt disponibile pe site-ul DRP, la acest link: <a href=\"https:\/\/dprp.gov.ro\/web\/actualitate\/32345\/\">https:\/\/dprp.gov.ro\/web\/actualitate\/32345\/<\/a>.<\/p>\n","protected":false},"excerpt":{"rendered":"<p>Departamentul pentru Rom\u00e2nii de Pretutindeni (DRP) a lansat cea de-a XVI-a edi\u021bie a Programului de Tabere \u201eARC\u201d \u0219i a deschis sesiunea de \u00eenscriere pentru cele 7000 de locuri disponibile, \u00een nou\u0103 loca\u021bii din \u021bar\u0103. Cristina\u2013Lavinia Arn\u0103utu, director cu atribu\u021bii de secretar de stat al DRP: \u201c\u00cen acest an, tinerii rom\u00e2ni de pretutindeni vor avea oportunitatea [&hellip;]<\/p>\n","protected":false},"author":3,"featured_media":2598,"comment_status":"open","ping_status":"open","sticky":false,"template":"","format":"standard","meta":{"_crdt_document":"","footnotes":""},"categories":[43],"tags":[],"class_list":["post-2597","post","type-post","status-publish","format-standard","has-post-thumbnail","hentry","category-actualitate"],"yoast_head":"<!-- This site is optimized with the Yoast SEO plugin v27.5 - https:\/\/yoast.com\/product\/yoast-seo-wordpress\/ -->\n<title>Taberele ARC, 2025: 7000 de tineri rom\u00e2ni care tr\u0103iesc \u00een afara \u021b\u0103rii sunt a\u0219tepta\u021bi \u00een Rom\u00e2nia - Uniunea Ziari\u0219tilor Profesioni\u0219ti din Rom\u00e2nia (UZPR)<\/title>\n<meta name=\"robots\" content=\"index, follow, max-snippet:-1, max-image-preview:large, max-video-preview:-1\" \/>\n<link rel=\"canonical\" href=\"https:\/\/uzpruk.com\/en\/taberele-arc-2025-7000-de-tineri-romani-care-traiesc-in-afara-tarii-sunt-asteptati-in-romania\/\" \/>\n<meta property=\"og:locale\" content=\"en_GB\" \/>\n<meta property=\"og:type\" content=\"article\" \/>\n<meta property=\"og:title\" content=\"Taberele ARC, 2025: 7000 de tineri rom\u00e2ni care tr\u0103iesc \u00een afara \u021b\u0103rii sunt a\u0219tepta\u021bi \u00een Rom\u00e2nia - Uniunea Ziari\u0219tilor Profesioni\u0219ti din Rom\u00e2nia (UZPR)\" \/>\n<meta property=\"og:description\" content=\"Departamentul pentru Rom\u00e2nii de Pretutindeni (DRP) a lansat cea de-a XVI-a edi\u021bie a Programului de Tabere \u201eARC\u201d \u0219i a deschis sesiunea de \u00eenscriere pentru cele 7000 de locuri disponibile, \u00een nou\u0103 loca\u021bii din \u021bar\u0103. Cristina\u2013Lavinia Arn\u0103utu, director cu atribu\u021bii de secretar de stat al DRP: \u201c\u00cen acest an, tinerii rom\u00e2ni de pretutindeni vor avea oportunitatea [&hellip;]\" \/>\n<meta property=\"og:url\" content=\"https:\/\/uzpruk.com\/en\/taberele-arc-2025-7000-de-tineri-romani-care-traiesc-in-afara-tarii-sunt-asteptati-in-romania\/\" \/>\n<meta property=\"og:site_name\" content=\"Uniunea Ziari\u0219tilor Profesioni\u0219ti din Rom\u00e2nia (UZPR)\" \/>\n<meta property=\"article:published_time\" content=\"2025-05-28T09:26:33+00:00\" \/>\n<meta property=\"article:modified_time\" content=\"2025-05-28T09:26:37+00:00\" \/>\n<meta property=\"og:image\" content=\"https:\/\/uzpruk.com\/wp-content\/uploads\/2025\/05\/DRP_Lansare-Tabere-ARC-2025-768x644-1.png\" \/>\n\t<meta property=\"og:image:width\" content=\"768\" \/>\n\t<meta property=\"og:image:height\" content=\"644\" \/>\n\t<meta property=\"og:image:type\" content=\"image\/png\" \/>\n<meta name=\"author\" content=\"Nistor Becia\" \/>\n<meta name=\"twitter:card\" content=\"summary_large_image\" \/>\n<meta name=\"twitter:label1\" content=\"Written by\" \/>\n\t<meta name=\"twitter:data1\" content=\"Nistor Becia\" \/>\n\t<meta name=\"twitter:label2\" content=\"Estimated reading time\" \/>\n\t<meta name=\"twitter:data2\" content=\"3 minutes\" \/>\n<script type=\"application\/ld+json\" class=\"yoast-schema-graph\">{\"@context\":\"https:\\\/\\\/schema.org\",\"@graph\":[{\"@type\":\"Article\",\"@id\":\"https:\\\/\\\/uzpruk.com\\\/taberele-arc-2025-7000-de-tineri-romani-care-traiesc-in-afara-tarii-sunt-asteptati-in-romania\\\/#article\",\"isPartOf\":{\"@id\":\"https:\\\/\\\/uzpruk.com\\\/taberele-arc-2025-7000-de-tineri-romani-care-traiesc-in-afara-tarii-sunt-asteptati-in-romania\\\/\"},\"author\":{\"name\":\"Nistor Becia\",\"@id\":\"https:\\\/\\\/uzpruk.com\\\/#\\\/schema\\\/person\\\/05cac5ef7588589f3ec1c09edf307b41\"},\"headline\":\"Taberele ARC, 2025: 7000 de tineri rom\u00e2ni care tr\u0103iesc \u00een afara \u021b\u0103rii sunt a\u0219tepta\u021bi \u00een Rom\u00e2nia\",\"datePublished\":\"2025-05-28T09:26:33+00:00\",\"dateModified\":\"2025-05-28T09:26:37+00:00\",\"mainEntityOfPage\":{\"@id\":\"https:\\\/\\\/uzpruk.com\\\/taberele-arc-2025-7000-de-tineri-romani-care-traiesc-in-afara-tarii-sunt-asteptati-in-romania\\\/\"},\"wordCount\":595,\"commentCount\":0,\"publisher\":{\"@id\":\"https:\\\/\\\/uzpruk.com\\\/#organization\"},\"image\":{\"@id\":\"https:\\\/\\\/uzpruk.com\\\/taberele-arc-2025-7000-de-tineri-romani-care-traiesc-in-afara-tarii-sunt-asteptati-in-romania\\\/#primaryimage\"},\"thumbnailUrl\":\"https:\\\/\\\/uzpruk.com\\\/wp-content\\\/uploads\\\/2025\\\/05\\\/DRP_Lansare-Tabere-ARC-2025-768x644-1.png\",\"articleSection\":[\"ACTUALITATE\"],\"inLanguage\":\"en-GB\",\"potentialAction\":[{\"@type\":\"CommentAction\",\"name\":\"Comment\",\"target\":[\"https:\\\/\\\/uzpruk.com\\\/taberele-arc-2025-7000-de-tineri-romani-care-traiesc-in-afara-tarii-sunt-asteptati-in-romania\\\/#respond\"]}]},{\"@type\":\"WebPage\",\"@id\":\"https:\\\/\\\/uzpruk.com\\\/taberele-arc-2025-7000-de-tineri-romani-care-traiesc-in-afara-tarii-sunt-asteptati-in-romania\\\/\",\"url\":\"https:\\\/\\\/uzpruk.com\\\/taberele-arc-2025-7000-de-tineri-romani-care-traiesc-in-afara-tarii-sunt-asteptati-in-romania\\\/\",\"name\":\"Taberele ARC, 2025: 7000 de tineri rom\u00e2ni care tr\u0103iesc \u00een afara \u021b\u0103rii sunt a\u0219tepta\u021bi \u00een Rom\u00e2nia - Uniunea Ziari\u0219tilor Profesioni\u0219ti din Rom\u00e2nia (UZPR)\",\"isPartOf\":{\"@id\":\"https:\\\/\\\/uzpruk.com\\\/#website\"},\"primaryImageOfPage\":{\"@id\":\"https:\\\/\\\/uzpruk.com\\\/taberele-arc-2025-7000-de-tineri-romani-care-traiesc-in-afara-tarii-sunt-asteptati-in-romania\\\/#primaryimage\"},\"image\":{\"@id\":\"https:\\\/\\\/uzpruk.com\\\/taberele-arc-2025-7000-de-tineri-romani-care-traiesc-in-afara-tarii-sunt-asteptati-in-romania\\\/#primaryimage\"},\"thumbnailUrl\":\"https:\\\/\\\/uzpruk.com\\\/wp-content\\\/uploads\\\/2025\\\/05\\\/DRP_Lansare-Tabere-ARC-2025-768x644-1.png\",\"datePublished\":\"2025-05-28T09:26:33+00:00\",\"dateModified\":\"2025-05-28T09:26:37+00:00\",\"breadcrumb\":{\"@id\":\"https:\\\/\\\/uzpruk.com\\\/taberele-arc-2025-7000-de-tineri-romani-care-traiesc-in-afara-tarii-sunt-asteptati-in-romania\\\/#breadcrumb\"},\"inLanguage\":\"en-GB\",\"potentialAction\":[{\"@type\":\"ReadAction\",\"target\":[\"https:\\\/\\\/uzpruk.com\\\/taberele-arc-2025-7000-de-tineri-romani-care-traiesc-in-afara-tarii-sunt-asteptati-in-romania\\\/\"]}]},{\"@type\":\"ImageObject\",\"inLanguage\":\"en-GB\",\"@id\":\"https:\\\/\\\/uzpruk.com\\\/taberele-arc-2025-7000-de-tineri-romani-care-traiesc-in-afara-tarii-sunt-asteptati-in-romania\\\/#primaryimage\",\"url\":\"https:\\\/\\\/uzpruk.com\\\/wp-content\\\/uploads\\\/2025\\\/05\\\/DRP_Lansare-Tabere-ARC-2025-768x644-1.png\",\"contentUrl\":\"https:\\\/\\\/uzpruk.com\\\/wp-content\\\/uploads\\\/2025\\\/05\\\/DRP_Lansare-Tabere-ARC-2025-768x644-1.png\",\"width\":768,\"height\":644},{\"@type\":\"BreadcrumbList\",\"@id\":\"https:\\\/\\\/uzpruk.com\\\/taberele-arc-2025-7000-de-tineri-romani-care-traiesc-in-afara-tarii-sunt-asteptati-in-romania\\\/#breadcrumb\",\"itemListElement\":[{\"@type\":\"ListItem\",\"position\":1,\"name\":\"Home\",\"item\":\"https:\\\/\\\/uzpruk.com\\\/\"},{\"@type\":\"ListItem\",\"position\":2,\"name\":\"Taberele ARC, 2025: 7000 de tineri rom\u00e2ni care tr\u0103iesc \u00een afara \u021b\u0103rii sunt a\u0219tepta\u021bi \u00een Rom\u00e2nia\"}]},{\"@type\":\"WebSite\",\"@id\":\"https:\\\/\\\/uzpruk.com\\\/#website\",\"url\":\"https:\\\/\\\/uzpruk.com\\\/\",\"name\":\"Uniunea Ziari\u0219tilor Profesioni\u0219ti din Rom\u00e2nia (UZPR)\",\"description\":\"\u00cempreun\u0103 scriem istoria clipei\",\"publisher\":{\"@id\":\"https:\\\/\\\/uzpruk.com\\\/#organization\"},\"potentialAction\":[{\"@type\":\"SearchAction\",\"target\":{\"@type\":\"EntryPoint\",\"urlTemplate\":\"https:\\\/\\\/uzpruk.com\\\/?s={search_term_string}\"},\"query-input\":{\"@type\":\"PropertyValueSpecification\",\"valueRequired\":true,\"valueName\":\"search_term_string\"}}],\"inLanguage\":\"en-GB\"},{\"@type\":\"Organization\",\"@id\":\"https:\\\/\\\/uzpruk.com\\\/#organization\",\"name\":\"Uniunea Ziari\u0219tilor Profesioni\u0219ti din Rom\u00e2nia (UZPR)\",\"url\":\"https:\\\/\\\/uzpruk.com\\\/\",\"logo\":{\"@type\":\"ImageObject\",\"inLanguage\":\"en-GB\",\"@id\":\"https:\\\/\\\/uzpruk.com\\\/#\\\/schema\\\/logo\\\/image\\\/\",\"url\":\"https:\\\/\\\/uzpruk.com\\\/wp-content\\\/uploads\\\/2021\\\/09\\\/header-site2.png\",\"contentUrl\":\"https:\\\/\\\/uzpruk.com\\\/wp-content\\\/uploads\\\/2021\\\/09\\\/header-site2.png\",\"width\":831,\"height\":141,\"caption\":\"Uniunea Ziari\u0219tilor Profesioni\u0219ti din Rom\u00e2nia (UZPR)\"},\"image\":{\"@id\":\"https:\\\/\\\/uzpruk.com\\\/#\\\/schema\\\/logo\\\/image\\\/\"}},{\"@type\":\"Person\",\"@id\":\"https:\\\/\\\/uzpruk.com\\\/#\\\/schema\\\/person\\\/05cac5ef7588589f3ec1c09edf307b41\",\"name\":\"Nistor Becia\",\"image\":{\"@type\":\"ImageObject\",\"inLanguage\":\"en-GB\",\"@id\":\"https:\\\/\\\/uzpruk.com\\\/wp-content\\\/litespeed\\\/avatar\\\/c7212638db3e29e65ed69df9a3fbfe5d.jpg?ver=1777457241\",\"url\":\"https:\\\/\\\/uzpruk.com\\\/wp-content\\\/litespeed\\\/avatar\\\/c7212638db3e29e65ed69df9a3fbfe5d.jpg?ver=1777457241\",\"contentUrl\":\"https:\\\/\\\/uzpruk.com\\\/wp-content\\\/litespeed\\\/avatar\\\/c7212638db3e29e65ed69df9a3fbfe5d.jpg?ver=1777457241\",\"caption\":\"Nistor Becia\"},\"url\":\"#molongui-disabled-link\"}]}<\/script>\n<!-- \/ Yoast SEO plugin. -->","yoast_head_json":{"title":"Taberele ARC, 2025: 7000 de tineri rom\u00e2ni care tr\u0103iesc \u00een afara \u021b\u0103rii sunt a\u0219tepta\u021bi \u00een Rom\u00e2nia - Uniunea Ziari\u0219tilor Profesioni\u0219ti din Rom\u00e2nia (UZPR)","robots":{"index":"index","follow":"follow","max-snippet":"max-snippet:-1","max-image-preview":"max-image-preview:large","max-video-preview":"max-video-preview:-1"},"canonical":"https:\/\/uzpruk.com\/en\/taberele-arc-2025-7000-de-tineri-romani-care-traiesc-in-afara-tarii-sunt-asteptati-in-romania\/","og_locale":"en_GB","og_type":"article","og_title":"Taberele ARC, 2025: 7000 de tineri rom\u00e2ni care tr\u0103iesc \u00een afara \u021b\u0103rii sunt a\u0219tepta\u021bi \u00een Rom\u00e2nia - Uniunea Ziari\u0219tilor Profesioni\u0219ti din Rom\u00e2nia (UZPR)","og_description":"Departamentul pentru Rom\u00e2nii de Pretutindeni (DRP) a lansat cea de-a XVI-a edi\u021bie a Programului de Tabere \u201eARC\u201d \u0219i a deschis sesiunea de \u00eenscriere pentru cele 7000 de locuri disponibile, \u00een nou\u0103 loca\u021bii din \u021bar\u0103. Cristina\u2013Lavinia Arn\u0103utu, director cu atribu\u021bii de secretar de stat al DRP: \u201c\u00cen acest an, tinerii rom\u00e2ni de pretutindeni vor avea oportunitatea [&hellip;]","og_url":"https:\/\/uzpruk.com\/en\/taberele-arc-2025-7000-de-tineri-romani-care-traiesc-in-afara-tarii-sunt-asteptati-in-romania\/","og_site_name":"Uniunea Ziari\u0219tilor Profesioni\u0219ti din Rom\u00e2nia (UZPR)","article_published_time":"2025-05-28T09:26:33+00:00","article_modified_time":"2025-05-28T09:26:37+00:00","og_image":[{"width":768,"height":644,"url":"https:\/\/uzpruk.com\/wp-content\/uploads\/2025\/05\/DRP_Lansare-Tabere-ARC-2025-768x644-1.png","type":"image\/png"}],"author":"Nistor Becia","twitter_card":"summary_large_image","twitter_misc":{"Written by":"Nistor Becia","Estimated reading time":"3 minutes"},"schema":{"@context":"https:\/\/schema.org","@graph":[{"@type":"Article","@id":"https:\/\/uzpruk.com\/taberele-arc-2025-7000-de-tineri-romani-care-traiesc-in-afara-tarii-sunt-asteptati-in-romania\/#article","isPartOf":{"@id":"https:\/\/uzpruk.com\/taberele-arc-2025-7000-de-tineri-romani-care-traiesc-in-afara-tarii-sunt-asteptati-in-romania\/"},"author":{"name":"Nistor Becia","@id":"https:\/\/uzpruk.com\/#\/schema\/person\/05cac5ef7588589f3ec1c09edf307b41"},"headline":"Taberele ARC, 2025: 7000 de tineri rom\u00e2ni care tr\u0103iesc \u00een afara \u021b\u0103rii sunt a\u0219tepta\u021bi \u00een Rom\u00e2nia","datePublished":"2025-05-28T09:26:33+00:00","dateModified":"2025-05-28T09:26:37+00:00","mainEntityOfPage":{"@id":"https:\/\/uzpruk.com\/taberele-arc-2025-7000-de-tineri-romani-care-traiesc-in-afara-tarii-sunt-asteptati-in-romania\/"},"wordCount":595,"commentCount":0,"publisher":{"@id":"https:\/\/uzpruk.com\/#organization"},"image":{"@id":"https:\/\/uzpruk.com\/taberele-arc-2025-7000-de-tineri-romani-care-traiesc-in-afara-tarii-sunt-asteptati-in-romania\/#primaryimage"},"thumbnailUrl":"https:\/\/uzpruk.com\/wp-content\/uploads\/2025\/05\/DRP_Lansare-Tabere-ARC-2025-768x644-1.png","articleSection":["ACTUALITATE"],"inLanguage":"en-GB","potentialAction":[{"@type":"CommentAction","name":"Comment","target":["https:\/\/uzpruk.com\/taberele-arc-2025-7000-de-tineri-romani-care-traiesc-in-afara-tarii-sunt-asteptati-in-romania\/#respond"]}]},{"@type":"WebPage","@id":"https:\/\/uzpruk.com\/taberele-arc-2025-7000-de-tineri-romani-care-traiesc-in-afara-tarii-sunt-asteptati-in-romania\/","url":"https:\/\/uzpruk.com\/taberele-arc-2025-7000-de-tineri-romani-care-traiesc-in-afara-tarii-sunt-asteptati-in-romania\/","name":"Taberele ARC, 2025: 7000 de tineri rom\u00e2ni care tr\u0103iesc \u00een afara \u021b\u0103rii sunt a\u0219tepta\u021bi \u00een Rom\u00e2nia - Uniunea Ziari\u0219tilor Profesioni\u0219ti din Rom\u00e2nia (UZPR)","isPartOf":{"@id":"https:\/\/uzpruk.com\/#website"},"primaryImageOfPage":{"@id":"https:\/\/uzpruk.com\/taberele-arc-2025-7000-de-tineri-romani-care-traiesc-in-afara-tarii-sunt-asteptati-in-romania\/#primaryimage"},"image":{"@id":"https:\/\/uzpruk.com\/taberele-arc-2025-7000-de-tineri-romani-care-traiesc-in-afara-tarii-sunt-asteptati-in-romania\/#primaryimage"},"thumbnailUrl":"https:\/\/uzpruk.com\/wp-content\/uploads\/2025\/05\/DRP_Lansare-Tabere-ARC-2025-768x644-1.png","datePublished":"2025-05-28T09:26:33+00:00","dateModified":"2025-05-28T09:26:37+00:00","breadcrumb":{"@id":"https:\/\/uzpruk.com\/taberele-arc-2025-7000-de-tineri-romani-care-traiesc-in-afara-tarii-sunt-asteptati-in-romania\/#breadcrumb"},"inLanguage":"en-GB","potentialAction":[{"@type":"ReadAction","target":["https:\/\/uzpruk.com\/taberele-arc-2025-7000-de-tineri-romani-care-traiesc-in-afara-tarii-sunt-asteptati-in-romania\/"]}]},{"@type":"ImageObject","inLanguage":"en-GB","@id":"https:\/\/uzpruk.com\/taberele-arc-2025-7000-de-tineri-romani-care-traiesc-in-afara-tarii-sunt-asteptati-in-romania\/#primaryimage","url":"https:\/\/uzpruk.com\/wp-content\/uploads\/2025\/05\/DRP_Lansare-Tabere-ARC-2025-768x644-1.png","contentUrl":"https:\/\/uzpruk.com\/wp-content\/uploads\/2025\/05\/DRP_Lansare-Tabere-ARC-2025-768x644-1.png","width":768,"height":644},{"@type":"BreadcrumbList","@id":"https:\/\/uzpruk.com\/taberele-arc-2025-7000-de-tineri-romani-care-traiesc-in-afara-tarii-sunt-asteptati-in-romania\/#breadcrumb","itemListElement":[{"@type":"ListItem","position":1,"name":"Home","item":"https:\/\/uzpruk.com\/"},{"@type":"ListItem","position":2,"name":"Taberele ARC, 2025: 7000 de tineri rom\u00e2ni care tr\u0103iesc \u00een afara \u021b\u0103rii sunt a\u0219tepta\u021bi \u00een Rom\u00e2nia"}]},{"@type":"WebSite","@id":"https:\/\/uzpruk.com\/#website","url":"https:\/\/uzpruk.com\/","name":"Uniunea Ziari\u0219tilor Profesioni\u0219ti din Rom\u00e2nia (UZPR)","description":"\u00cempreun\u0103 scriem istoria clipei","publisher":{"@id":"https:\/\/uzpruk.com\/#organization"},"potentialAction":[{"@type":"SearchAction","target":{"@type":"EntryPoint","urlTemplate":"https:\/\/uzpruk.com\/?s={search_term_string}"},"query-input":{"@type":"PropertyValueSpecification","valueRequired":true,"valueName":"search_term_string"}}],"inLanguage":"en-GB"},{"@type":"Organization","@id":"https:\/\/uzpruk.com\/#organization","name":"Uniunea Ziari\u0219tilor Profesioni\u0219ti din Rom\u00e2nia (UZPR)","url":"https:\/\/uzpruk.com\/","logo":{"@type":"ImageObject","inLanguage":"en-GB","@id":"https:\/\/uzpruk.com\/#\/schema\/logo\/image\/","url":"https:\/\/uzpruk.com\/wp-content\/uploads\/2021\/09\/header-site2.png","contentUrl":"https:\/\/uzpruk.com\/wp-content\/uploads\/2021\/09\/header-site2.png","width":831,"height":141,"caption":"Uniunea Ziari\u0219tilor Profesioni\u0219ti din Rom\u00e2nia (UZPR)"},"image":{"@id":"https:\/\/uzpruk.com\/#\/schema\/logo\/image\/"}},{"@type":"Person","@id":"https:\/\/uzpruk.com\/#\/schema\/person\/05cac5ef7588589f3ec1c09edf307b41","name":"Nistor Becia","image":{"@type":"ImageObject","inLanguage":"en-GB","@id":"https:\/\/uzpruk.com\/wp-content\/litespeed\/avatar\/c7212638db3e29e65ed69df9a3fbfe5d.jpg?ver=1777457241","url":"https:\/\/uzpruk.com\/wp-content\/litespeed\/avatar\/c7212638db3e29e65ed69df9a3fbfe5d.jpg?ver=1777457241","contentUrl":"https:\/\/uzpruk.com\/wp-content\/litespeed\/avatar\/c7212638db3e29e65ed69df9a3fbfe5d.jpg?ver=1777457241","caption":"Nistor Becia"},"url":"#molongui-disabled-link"}]}},"blog_post_layout_featured_media_urls":{"thumbnail":["https:\/\/uzpruk.com\/wp-content\/uploads\/2025\/05\/DRP_Lansare-Tabere-ARC-2025-768x644-1-150x150.png",150,150,true],"full":["https:\/\/uzpruk.com\/wp-content\/uploads\/2025\/05\/DRP_Lansare-Tabere-ARC-2025-768x644-1.png",768,644,false]},"categories_names":{"43":{"name":"NEWS","link":"https:\/\/uzpruk.com\/en\/category\/actualitate\/"}},"tags_names":[],"comments_number":"0","wpmagazine_modules_lite_featured_media_urls":{"thumbnail":["https:\/\/uzpruk.com\/wp-content\/uploads\/2025\/05\/DRP_Lansare-Tabere-ARC-2025-768x644-1-150x150.png",150,150,true],"cvmm-medium":["https:\/\/uzpruk.com\/wp-content\/uploads\/2025\/05\/DRP_Lansare-Tabere-ARC-2025-768x644-1-300x300.png",300,300,true],"cvmm-medium-plus":["https:\/\/uzpruk.com\/wp-content\/uploads\/2025\/05\/DRP_Lansare-Tabere-ARC-2025-768x644-1-305x207.png",305,207,true],"cvmm-portrait":["https:\/\/uzpruk.com\/wp-content\/uploads\/2025\/05\/DRP_Lansare-Tabere-ARC-2025-768x644-1-400x600.png",400,600,true],"cvmm-medium-square":["https:\/\/uzpruk.com\/wp-content\/uploads\/2025\/05\/DRP_Lansare-Tabere-ARC-2025-768x644-1-600x600.png",600,600,true],"cvmm-large":["https:\/\/uzpruk.com\/wp-content\/uploads\/2025\/05\/DRP_Lansare-Tabere-ARC-2025-768x644-1.png",768,644,false],"cvmm-small":["https:\/\/uzpruk.com\/wp-content\/uploads\/2025\/05\/DRP_Lansare-Tabere-ARC-2025-768x644-1-130x95.png",130,95,true],"full":["https:\/\/uzpruk.com\/wp-content\/uploads\/2025\/05\/DRP_Lansare-Tabere-ARC-2025-768x644-1.png",768,644,false]},"_links":{"self":[{"href":"https:\/\/uzpruk.com\/en\/wp-json\/wp\/v2\/posts\/2597","targetHints":{"allow":["GET"]}}],"collection":[{"href":"https:\/\/uzpruk.com\/en\/wp-json\/wp\/v2\/posts"}],"about":[{"href":"https:\/\/uzpruk.com\/en\/wp-json\/wp\/v2\/types\/post"}],"author":[{"embeddable":true,"href":"https:\/\/uzpruk.com\/en\/wp-json\/wp\/v2\/users\/3"}],"replies":[{"embeddable":true,"href":"https:\/\/uzpruk.com\/en\/wp-json\/wp\/v2\/comments?post=2597"}],"version-history":[{"count":1,"href":"https:\/\/uzpruk.com\/en\/wp-json\/wp\/v2\/posts\/2597\/revisions"}],"predecessor-version":[{"id":2599,"href":"https:\/\/uzpruk.com\/en\/wp-json\/wp\/v2\/posts\/2597\/revisions\/2599"}],"wp:featuredmedia":[{"embeddable":true,"href":"https:\/\/uzpruk.com\/en\/wp-json\/wp\/v2\/media\/2598"}],"wp:attachment":[{"href":"https:\/\/uzpruk.com\/en\/wp-json\/wp\/v2\/media?parent=2597"}],"wp:term":[{"taxonomy":"category","embeddable":true,"href":"https:\/\/uzpruk.com\/en\/wp-json\/wp\/v2\/categories?post=2597"},{"taxonomy":"post_tag","embeddable":true,"href":"https:\/\/uzpruk.com\/en\/wp-json\/wp\/v2\/tags?post=2597"}],"curies":[{"name":"wp","href":"https:\/\/api.w.org\/{rel}","templated":true}]}}