{"id":1797,"date":"2022-12-02T16:46:17","date_gmt":"2022-12-02T16:46:17","guid":{"rendered":"https:\/\/uzpruk.com\/?p=1797"},"modified":"2022-12-06T12:48:11","modified_gmt":"2022-12-06T12:48:11","slug":"inimile-vorbesc-romaneste-un-proiect-dedicat-romanilor-din-marea-britanie","status":"publish","type":"post","link":"https:\/\/uzpruk.com\/en\/inimile-vorbesc-romaneste-un-proiect-dedicat-romanilor-din-marea-britanie\/","title":{"rendered":"Inimile vorbesc rom\u00e2ne\u0219te &#8211; un proiect dedicat rom\u00e2nilor din Marea Britanie"},"content":{"rendered":"<figure class=\"wp-block-image size-large is-style-rounded\"><img fetchpriority=\"high\" decoding=\"async\" width=\"1024\" height=\"575\" src=\"https:\/\/uzpruk.com\/wp-content\/uploads\/2022\/12\/BPS_93681-1-1024x575.jpg\" alt=\"Nelly Miricioiu, invitata primului episod al podcastului, \u00een dialog cu Alice N\u0103stase Buciuta. Fotografie de Paul Buciuta - noiembrie 2022, Londra\" class=\"wp-image-1803\" srcset=\"https:\/\/uzpruk.com\/wp-content\/uploads\/2022\/12\/BPS_93681-1-1024x575.jpg 1024w, https:\/\/uzpruk.com\/wp-content\/uploads\/2022\/12\/BPS_93681-1-300x169.jpg 300w, https:\/\/uzpruk.com\/wp-content\/uploads\/2022\/12\/BPS_93681-1-768x432.jpg 768w, https:\/\/uzpruk.com\/wp-content\/uploads\/2022\/12\/BPS_93681-1-1536x863.jpg 1536w, https:\/\/uzpruk.com\/wp-content\/uploads\/2022\/12\/BPS_93681-1-18x10.jpg 18w, https:\/\/uzpruk.com\/wp-content\/uploads\/2022\/12\/BPS_93681-1.jpg 2000w\" sizes=\"(max-width: 1024px) 100vw, 1024px\" \/><\/figure>\n\n\n\n<p class=\"wp-block-paragraph\">Fotografie de Paul Buciuta\/ UZPR Marea Britanie<\/p>\n\n\n\n<p class=\"wp-block-paragraph\">Ziua Na\u021bional\u0103 a Rom\u00e2niei, 1 Decembrie 2022, a adus rom\u00e2nilor din Marea Britanie anun\u021bul unui nou proiect editorial destinat rom\u00e2nilor care tr\u0103iesc pe teritoriul regatului britanic, realizat de jurnalista Alice N\u0103stase Buciuta cu sprijinul Departamentului pentru Rom\u00e2nii de Pretutindeni \u0219i \u00een parteneriat cu Uniunea Ziari\u0219tilor Profesioni\u0219ti din Rom\u00e2nia &#8211; Filiala Marea Britanie. &#8222;Inimile vorbesc rom\u00e2ne\u0219te&#8221; este numele proiectului care a adunat o serie de cinci interviuri, realizate de Alice N\u0103stase Buciuta, jurnalist\u0103 \u0219i scriitoare cu experien\u021b\u0103 vast\u0103 pe t\u0103r\u00e2mul scrisului rom\u00e2nesc, realizatoare recunoscut\u0103 de interviuri de impact, lector asociat al Facult\u0103\u021bii de Jurnalism a Universit\u0103\u021bii din Bucure\u0219ti \u0219i pre\u0219edint\u0103 a filialei britanice a celei mai mari asocia\u021bii profesionale de crea\u021bie publicistic\u0103 \u0219i jurnalistic\u0103 a ziari\u0219tilor din Rom\u00e2nia \u0219i din comunit\u0103\u021bile rom\u00e2ne\u0219ti de peste hotare, UZPR.<\/p>\n\n\n\n<p class=\"wp-block-paragraph\">\u201cInimile vorbesc rom\u00e2ne\u0219te\u201d este locul de \u00eent\u00e2lnire cu personalit\u0103\u021bi rom\u00e2ne\u0219ti care tr\u0103iesc sau au proiecte profesionale \u00een Marea Britanie, un spa\u021biu virtual al m\u0103rturisirilor oneste legate de dificult\u0103\u021bile &#8211; \u0219i avantajele \u2013 reloc\u0103rii \u00eentr-un alt spa\u021biu geografic, social \u0219i cultural, &nbsp;al confesiunilor despre dorurile rom\u00e2ne\u0219ti care pot \u0219i trebuie s\u0103 fie transmutate \u00een for\u021b\u0103 creatoare, \u00een vibra\u021bie rom\u00e2neasc\u0103 d\u0103ruit\u0103 lumii \u00eentregi.<\/p>\n\n\n\n<p class=\"wp-block-paragraph\">\u201cProiectul s-a n\u0103scut din dorin\u021ba mea de a afla cum s\u0103-mi folosesc dorurile pentru a-mi lua av\u00e2nt \u00een noua via\u021b\u0103 pornit\u0103 aici, la Londra, cum s\u0103 fac s\u0103 p\u0103strez \u00een mine, nealterat\u0103, splendoarea limbii rom\u00e2ne, chiar dac\u0103, zi de zi, sunt nevoit\u0103 s\u0103 vorbesc \u00een alt\u0103 limb\u0103, cum s\u0103-mi \u021bin fericit\u0103 inima care iube\u0219te \u0219i vorbe\u0219te rom\u00e2ne\u0219te, \u00eentr-o lume care vorbe\u0219te engleze\u0219te\u201d, a declarat Alice N\u0103stase Buciuta. \u201cDup\u0103 o experien\u021b\u0103 radiofonic\u0103 de un an \u00eentreg, la un post de radio rom\u00e2nesc din Londra, am sim\u021bit nevoia s\u0103 merg mai departe cu apropierea de comunitatea noastr\u0103 printr-un proiect jurnalistic modern \u0219i de impact, un video-podcast cultural care s\u0103 aduc\u0103 tuturor celor care tr\u0103iesc departe de cas\u0103 \u0219i inspira\u021bie, \u0219i alinare, \u0219i sprijin, \u0219i bucurie, \u0219i doze consistente de curaj. \u0218i, neap\u0103rat, con\u021binut editorial de calitate, materiale \u00eentr-o limb\u0103 rom\u00e2n\u0103 care s\u0103 ne \u021bin\u0103 aproape de poezie, de vis, de noble\u021bea limbii \u00een care am crescut \u0219i \u00een care continu\u0103m s\u0103 vis\u0103m oriunde ne-am afla pe acest p\u0103m\u00e2nt. Sunt bucuroas\u0103 c\u0103 am primit sprijin de la Departamentul Rom\u00e2nilor de Pretutindeni pentru realizarea primelor cinci episoade, sunt recunosc\u0103toare c\u0103 am parteneriate nobile cu asocia\u021bii puternice din \u021bara mam\u0103 \u0219i din lume, \u0219tiu \u0219i simt c\u0103 locul acesta de \u00eent\u00e2lnire va cre\u0219te \u0219i va aduna multe inimi care vorbesc rom\u00e2ne\u0219te\u201d a mai declarat Alice N\u0103stase Buciuta.<\/p>\n\n\n\n<p class=\"wp-block-paragraph\">Pe <a href=\"http:\/\/www.inimilevorbescromaneste.com\">www.inimilevorbescromaneste.com<\/a> pute\u021bi g\u0103si video-podcasturi cu rom\u00e2ni de valoare \u0219i materiale care s\u0103 readuc\u0103 \u00een fiecare dintre cei care tr\u0103iesc \u00een \u021bar\u0103 sau \u00een str\u0103in\u0103tate bucuria de a vorbi limba rom\u00e2n\u0103.<\/p>","protected":false},"excerpt":{"rendered":"<p>Ziua Na\u021bional\u0103 a Rom\u00e2niei, 1 Decembrie 2022, a adus rom\u00e2nilor din Marea Britanie anun\u021bul unui nou proiect editorial destinat rom\u00e2nilor care tr\u0103iesc pe teritoriul regatului britanic, realizat de jurnalista Alice N\u0103stase Buciuta cu sprijinul Departamentului pentru Rom\u00e2nii de Pretutindeni \u0219i \u00een parteneriat cu Uniunea Ziari\u0219tilor Profesioni\u0219ti din Rom\u00e2nia &#8211; Filiala Marea Britanie. &#8222;Inimile vorbesc rom\u00e2ne\u0219te&#8221; este numele proiectului care a adunat deja o serie de cinci interviuri.<\/p>","protected":false},"author":3,"featured_media":1803,"comment_status":"open","ping_status":"open","sticky":false,"template":"","format":"standard","meta":{"_crdt_document":"","footnotes":""},"categories":[43],"tags":[142,201,203,202,69,86],"class_list":["post-1797","post","type-post","status-publish","format-standard","has-post-thumbnail","hentry","category-actualitate","tag-alice-nastase-buciuta","tag-inimile-vorbesc-romaneste","tag-interviuri","tag-podcast","tag-uzpr","tag-uzpr-uk"],"yoast_head":"<!-- This site is optimized with the Yoast SEO plugin v27.4 - https:\/\/yoast.com\/product\/yoast-seo-wordpress\/ -->\n<title>Inimile vorbesc rom\u00e2ne\u0219te - un proiect dedicat rom\u00e2nilor din Marea Britanie - Uniunea Ziari\u0219tilor Profesioni\u0219ti din Rom\u00e2nia (UZPR) % %<\/title>\n<meta name=\"description\" content=\"Ziua Na\u021bional\u0103 a Rom\u00e2niei, 1 Decembrie 2022, a adus rom\u00e2nilor din Marea Britanie anun\u021bul unui nou proiect editorial destinat rom\u00e2nilor care tr\u0103iesc pe teritoriul regatului britanic, realizat de jurnalista Alice N\u0103stase Buciuta cu sprijinul Departamentului pentru Rom\u00e2nii de Pretutindeni \u0219i \u00een parteneriat cu Uniunea Ziari\u0219tilor Profesioni\u0219ti din Rom\u00e2nia - Filiala Marea Britanie. &quot;Inimile vorbesc rom\u00e2ne\u0219te&quot; este numele proiectului care a adunat o serie de cinci interviuri,.\" \/>\n<meta name=\"robots\" content=\"index, follow, max-snippet:-1, max-image-preview:large, max-video-preview:-1\" \/>\n<link rel=\"canonical\" href=\"https:\/\/uzpruk.com\/en\/inimile-vorbesc-romaneste-un-proiect-dedicat-romanilor-din-marea-britanie\/\" \/>\n<meta property=\"og:locale\" content=\"en_GB\" \/>\n<meta property=\"og:type\" content=\"article\" \/>\n<meta property=\"og:title\" content=\"Inimile vorbesc rom\u00e2ne\u0219te - un proiect dedicat rom\u00e2nilor din Marea Britanie - Uniunea Ziari\u0219tilor Profesioni\u0219ti din Rom\u00e2nia (UZPR) % %\" \/>\n<meta property=\"og:description\" content=\"Ziua Na\u021bional\u0103 a Rom\u00e2niei, 1 Decembrie 2022, a adus rom\u00e2nilor din Marea Britanie anun\u021bul unui nou proiect editorial destinat rom\u00e2nilor care tr\u0103iesc pe teritoriul regatului britanic, realizat de jurnalista Alice N\u0103stase Buciuta cu sprijinul Departamentului pentru Rom\u00e2nii de Pretutindeni \u0219i \u00een parteneriat cu Uniunea Ziari\u0219tilor Profesioni\u0219ti din Rom\u00e2nia - Filiala Marea Britanie. &quot;Inimile vorbesc rom\u00e2ne\u0219te&quot; este numele proiectului care a adunat o serie de cinci interviuri,.\" \/>\n<meta property=\"og:url\" content=\"https:\/\/uzpruk.com\/en\/inimile-vorbesc-romaneste-un-proiect-dedicat-romanilor-din-marea-britanie\/\" \/>\n<meta property=\"og:site_name\" content=\"Uniunea Ziari\u0219tilor Profesioni\u0219ti din Rom\u00e2nia (UZPR)\" \/>\n<meta property=\"article:published_time\" content=\"2022-12-02T16:46:17+00:00\" \/>\n<meta property=\"article:modified_time\" content=\"2022-12-06T12:48:11+00:00\" \/>\n<meta property=\"og:image\" content=\"https:\/\/uzpruk.com\/wp-content\/uploads\/2022\/12\/BPS_93681-1.jpg\" \/>\n\t<meta property=\"og:image:width\" content=\"2000\" \/>\n\t<meta property=\"og:image:height\" content=\"1124\" \/>\n\t<meta property=\"og:image:type\" content=\"image\/jpeg\" \/>\n<meta name=\"author\" content=\"Nistor Becia\" \/>\n<meta name=\"twitter:card\" content=\"summary_large_image\" \/>\n<meta name=\"twitter:label1\" content=\"Written by\" \/>\n\t<meta name=\"twitter:data1\" content=\"Nistor Becia\" \/>\n\t<meta name=\"twitter:label2\" content=\"Estimated reading time\" \/>\n\t<meta name=\"twitter:data2\" content=\"3 minutes\" \/>\n<script type=\"application\/ld+json\" class=\"yoast-schema-graph\">{\"@context\":\"https:\\\/\\\/schema.org\",\"@graph\":[{\"@type\":\"Article\",\"@id\":\"https:\\\/\\\/uzpruk.com\\\/inimile-vorbesc-romaneste-un-proiect-dedicat-romanilor-din-marea-britanie\\\/#article\",\"isPartOf\":{\"@id\":\"https:\\\/\\\/uzpruk.com\\\/inimile-vorbesc-romaneste-un-proiect-dedicat-romanilor-din-marea-britanie\\\/\"},\"author\":{\"name\":\"Nistor Becia\",\"@id\":\"https:\\\/\\\/uzpruk.com\\\/#\\\/schema\\\/person\\\/05cac5ef7588589f3ec1c09edf307b41\"},\"headline\":\"Inimile vorbesc rom\u00e2ne\u0219te &#8211; un proiect dedicat rom\u00e2nilor din Marea Britanie\",\"datePublished\":\"2022-12-02T16:46:17+00:00\",\"dateModified\":\"2022-12-06T12:48:11+00:00\",\"mainEntityOfPage\":{\"@id\":\"https:\\\/\\\/uzpruk.com\\\/inimile-vorbesc-romaneste-un-proiect-dedicat-romanilor-din-marea-britanie\\\/\"},\"wordCount\":546,\"commentCount\":0,\"publisher\":{\"@id\":\"https:\\\/\\\/uzpruk.com\\\/#organization\"},\"image\":{\"@id\":\"https:\\\/\\\/uzpruk.com\\\/inimile-vorbesc-romaneste-un-proiect-dedicat-romanilor-din-marea-britanie\\\/#primaryimage\"},\"thumbnailUrl\":\"https:\\\/\\\/uzpruk.com\\\/wp-content\\\/uploads\\\/2022\\\/12\\\/BPS_93681-1.jpg\",\"keywords\":[\"Alice Nastase Buciuta\",\"Inimile vorbesc rom\u00e2ne\u0219te\",\"interviuri\",\"podcast\",\"UZPR\",\"UZPR UK\"],\"articleSection\":[\"ACTUALITATE\"],\"inLanguage\":\"en-GB\",\"potentialAction\":[{\"@type\":\"CommentAction\",\"name\":\"Comment\",\"target\":[\"https:\\\/\\\/uzpruk.com\\\/inimile-vorbesc-romaneste-un-proiect-dedicat-romanilor-din-marea-britanie\\\/#respond\"]}]},{\"@type\":\"WebPage\",\"@id\":\"https:\\\/\\\/uzpruk.com\\\/inimile-vorbesc-romaneste-un-proiect-dedicat-romanilor-din-marea-britanie\\\/\",\"url\":\"https:\\\/\\\/uzpruk.com\\\/inimile-vorbesc-romaneste-un-proiect-dedicat-romanilor-din-marea-britanie\\\/\",\"name\":\"Inimile vorbesc rom\u00e2ne\u0219te - un proiect dedicat rom\u00e2nilor din Marea Britanie - Uniunea Ziari\u0219tilor Profesioni\u0219ti din Rom\u00e2nia (UZPR) % %\",\"isPartOf\":{\"@id\":\"https:\\\/\\\/uzpruk.com\\\/#website\"},\"primaryImageOfPage\":{\"@id\":\"https:\\\/\\\/uzpruk.com\\\/inimile-vorbesc-romaneste-un-proiect-dedicat-romanilor-din-marea-britanie\\\/#primaryimage\"},\"image\":{\"@id\":\"https:\\\/\\\/uzpruk.com\\\/inimile-vorbesc-romaneste-un-proiect-dedicat-romanilor-din-marea-britanie\\\/#primaryimage\"},\"thumbnailUrl\":\"https:\\\/\\\/uzpruk.com\\\/wp-content\\\/uploads\\\/2022\\\/12\\\/BPS_93681-1.jpg\",\"datePublished\":\"2022-12-02T16:46:17+00:00\",\"dateModified\":\"2022-12-06T12:48:11+00:00\",\"description\":\"Ziua Na\u021bional\u0103 a Rom\u00e2niei, 1 Decembrie 2022, a adus rom\u00e2nilor din Marea Britanie anun\u021bul unui nou proiect editorial destinat rom\u00e2nilor care tr\u0103iesc pe teritoriul regatului britanic, realizat de jurnalista Alice N\u0103stase Buciuta cu sprijinul Departamentului pentru Rom\u00e2nii de Pretutindeni \u0219i \u00een parteneriat cu Uniunea Ziari\u0219tilor Profesioni\u0219ti din Rom\u00e2nia - Filiala Marea Britanie. \\\"Inimile vorbesc rom\u00e2ne\u0219te\\\" este numele proiectului care a adunat o serie de cinci interviuri,.\",\"breadcrumb\":{\"@id\":\"https:\\\/\\\/uzpruk.com\\\/inimile-vorbesc-romaneste-un-proiect-dedicat-romanilor-din-marea-britanie\\\/#breadcrumb\"},\"inLanguage\":\"en-GB\",\"potentialAction\":[{\"@type\":\"ReadAction\",\"target\":[\"https:\\\/\\\/uzpruk.com\\\/inimile-vorbesc-romaneste-un-proiect-dedicat-romanilor-din-marea-britanie\\\/\"]}]},{\"@type\":\"ImageObject\",\"inLanguage\":\"en-GB\",\"@id\":\"https:\\\/\\\/uzpruk.com\\\/inimile-vorbesc-romaneste-un-proiect-dedicat-romanilor-din-marea-britanie\\\/#primaryimage\",\"url\":\"https:\\\/\\\/uzpruk.com\\\/wp-content\\\/uploads\\\/2022\\\/12\\\/BPS_93681-1.jpg\",\"contentUrl\":\"https:\\\/\\\/uzpruk.com\\\/wp-content\\\/uploads\\\/2022\\\/12\\\/BPS_93681-1.jpg\",\"width\":2000,\"height\":1124},{\"@type\":\"BreadcrumbList\",\"@id\":\"https:\\\/\\\/uzpruk.com\\\/inimile-vorbesc-romaneste-un-proiect-dedicat-romanilor-din-marea-britanie\\\/#breadcrumb\",\"itemListElement\":[{\"@type\":\"ListItem\",\"position\":1,\"name\":\"Home\",\"item\":\"https:\\\/\\\/uzpruk.com\\\/\"},{\"@type\":\"ListItem\",\"position\":2,\"name\":\"Inimile vorbesc rom\u00e2ne\u0219te &#8211; un proiect dedicat rom\u00e2nilor din Marea Britanie\"}]},{\"@type\":\"WebSite\",\"@id\":\"https:\\\/\\\/uzpruk.com\\\/#website\",\"url\":\"https:\\\/\\\/uzpruk.com\\\/\",\"name\":\"Uniunea Ziari\u0219tilor Profesioni\u0219ti din Rom\u00e2nia (UZPR)\",\"description\":\"\u00cempreun\u0103 scriem istoria clipei\",\"publisher\":{\"@id\":\"https:\\\/\\\/uzpruk.com\\\/#organization\"},\"potentialAction\":[{\"@type\":\"SearchAction\",\"target\":{\"@type\":\"EntryPoint\",\"urlTemplate\":\"https:\\\/\\\/uzpruk.com\\\/?s={search_term_string}\"},\"query-input\":{\"@type\":\"PropertyValueSpecification\",\"valueRequired\":true,\"valueName\":\"search_term_string\"}}],\"inLanguage\":\"en-GB\"},{\"@type\":\"Organization\",\"@id\":\"https:\\\/\\\/uzpruk.com\\\/#organization\",\"name\":\"Uniunea Ziari\u0219tilor Profesioni\u0219ti din Rom\u00e2nia (UZPR)\",\"url\":\"https:\\\/\\\/uzpruk.com\\\/\",\"logo\":{\"@type\":\"ImageObject\",\"inLanguage\":\"en-GB\",\"@id\":\"https:\\\/\\\/uzpruk.com\\\/#\\\/schema\\\/logo\\\/image\\\/\",\"url\":\"https:\\\/\\\/uzpruk.com\\\/wp-content\\\/uploads\\\/2021\\\/09\\\/header-site2.png\",\"contentUrl\":\"https:\\\/\\\/uzpruk.com\\\/wp-content\\\/uploads\\\/2021\\\/09\\\/header-site2.png\",\"width\":831,\"height\":141,\"caption\":\"Uniunea Ziari\u0219tilor Profesioni\u0219ti din Rom\u00e2nia (UZPR)\"},\"image\":{\"@id\":\"https:\\\/\\\/uzpruk.com\\\/#\\\/schema\\\/logo\\\/image\\\/\"}},{\"@type\":\"Person\",\"@id\":\"https:\\\/\\\/uzpruk.com\\\/#\\\/schema\\\/person\\\/05cac5ef7588589f3ec1c09edf307b41\",\"name\":\"Nistor Becia\",\"image\":{\"@type\":\"ImageObject\",\"inLanguage\":\"en-GB\",\"@id\":\"https:\\\/\\\/uzpruk.com\\\/wp-content\\\/litespeed\\\/avatar\\\/c7212638db3e29e65ed69df9a3fbfe5d.jpg?ver=1776852268\",\"url\":\"https:\\\/\\\/uzpruk.com\\\/wp-content\\\/litespeed\\\/avatar\\\/c7212638db3e29e65ed69df9a3fbfe5d.jpg?ver=1776852268\",\"contentUrl\":\"https:\\\/\\\/uzpruk.com\\\/wp-content\\\/litespeed\\\/avatar\\\/c7212638db3e29e65ed69df9a3fbfe5d.jpg?ver=1776852268\",\"caption\":\"Nistor Becia\"},\"url\":\"#molongui-disabled-link\"}]}<\/script>\n<!-- \/ Yoast SEO plugin. -->","yoast_head_json":{"title":"Inimile vorbesc rom\u00e2ne\u0219te - un proiect dedicat rom\u00e2nilor din Marea Britanie - Uniunea Ziari\u0219tilor Profesioni\u0219ti din Rom\u00e2nia (UZPR) % %","description":"Ziua Na\u021bional\u0103 a Rom\u00e2niei, 1 Decembrie 2022, a adus rom\u00e2nilor din Marea Britanie anun\u021bul unui nou proiect editorial destinat rom\u00e2nilor care tr\u0103iesc pe teritoriul regatului britanic, realizat de jurnalista Alice N\u0103stase Buciuta cu sprijinul Departamentului pentru Rom\u00e2nii de Pretutindeni \u0219i \u00een parteneriat cu Uniunea Ziari\u0219tilor Profesioni\u0219ti din Rom\u00e2nia - Filiala Marea Britanie. \"Inimile vorbesc rom\u00e2ne\u0219te\" este numele proiectului care a adunat o serie de cinci interviuri,.","robots":{"index":"index","follow":"follow","max-snippet":"max-snippet:-1","max-image-preview":"max-image-preview:large","max-video-preview":"max-video-preview:-1"},"canonical":"https:\/\/uzpruk.com\/en\/inimile-vorbesc-romaneste-un-proiect-dedicat-romanilor-din-marea-britanie\/","og_locale":"en_GB","og_type":"article","og_title":"Inimile vorbesc rom\u00e2ne\u0219te - un proiect dedicat rom\u00e2nilor din Marea Britanie - Uniunea Ziari\u0219tilor Profesioni\u0219ti din Rom\u00e2nia (UZPR) % %","og_description":"Ziua Na\u021bional\u0103 a Rom\u00e2niei, 1 Decembrie 2022, a adus rom\u00e2nilor din Marea Britanie anun\u021bul unui nou proiect editorial destinat rom\u00e2nilor care tr\u0103iesc pe teritoriul regatului britanic, realizat de jurnalista Alice N\u0103stase Buciuta cu sprijinul Departamentului pentru Rom\u00e2nii de Pretutindeni \u0219i \u00een parteneriat cu Uniunea Ziari\u0219tilor Profesioni\u0219ti din Rom\u00e2nia - Filiala Marea Britanie. \"Inimile vorbesc rom\u00e2ne\u0219te\" este numele proiectului care a adunat o serie de cinci interviuri,.","og_url":"https:\/\/uzpruk.com\/en\/inimile-vorbesc-romaneste-un-proiect-dedicat-romanilor-din-marea-britanie\/","og_site_name":"Uniunea Ziari\u0219tilor Profesioni\u0219ti din Rom\u00e2nia (UZPR)","article_published_time":"2022-12-02T16:46:17+00:00","article_modified_time":"2022-12-06T12:48:11+00:00","og_image":[{"width":2000,"height":1124,"url":"https:\/\/uzpruk.com\/wp-content\/uploads\/2022\/12\/BPS_93681-1.jpg","type":"image\/jpeg"}],"author":"Nistor Becia","twitter_card":"summary_large_image","twitter_misc":{"Written by":"Nistor Becia","Estimated reading time":"3 minutes"},"schema":{"@context":"https:\/\/schema.org","@graph":[{"@type":"Article","@id":"https:\/\/uzpruk.com\/inimile-vorbesc-romaneste-un-proiect-dedicat-romanilor-din-marea-britanie\/#article","isPartOf":{"@id":"https:\/\/uzpruk.com\/inimile-vorbesc-romaneste-un-proiect-dedicat-romanilor-din-marea-britanie\/"},"author":{"name":"Nistor Becia","@id":"https:\/\/uzpruk.com\/#\/schema\/person\/05cac5ef7588589f3ec1c09edf307b41"},"headline":"Inimile vorbesc rom\u00e2ne\u0219te &#8211; un proiect dedicat rom\u00e2nilor din Marea Britanie","datePublished":"2022-12-02T16:46:17+00:00","dateModified":"2022-12-06T12:48:11+00:00","mainEntityOfPage":{"@id":"https:\/\/uzpruk.com\/inimile-vorbesc-romaneste-un-proiect-dedicat-romanilor-din-marea-britanie\/"},"wordCount":546,"commentCount":0,"publisher":{"@id":"https:\/\/uzpruk.com\/#organization"},"image":{"@id":"https:\/\/uzpruk.com\/inimile-vorbesc-romaneste-un-proiect-dedicat-romanilor-din-marea-britanie\/#primaryimage"},"thumbnailUrl":"https:\/\/uzpruk.com\/wp-content\/uploads\/2022\/12\/BPS_93681-1.jpg","keywords":["Alice Nastase Buciuta","Inimile vorbesc rom\u00e2ne\u0219te","interviuri","podcast","UZPR","UZPR UK"],"articleSection":["ACTUALITATE"],"inLanguage":"en-GB","potentialAction":[{"@type":"CommentAction","name":"Comment","target":["https:\/\/uzpruk.com\/inimile-vorbesc-romaneste-un-proiect-dedicat-romanilor-din-marea-britanie\/#respond"]}]},{"@type":"WebPage","@id":"https:\/\/uzpruk.com\/inimile-vorbesc-romaneste-un-proiect-dedicat-romanilor-din-marea-britanie\/","url":"https:\/\/uzpruk.com\/inimile-vorbesc-romaneste-un-proiect-dedicat-romanilor-din-marea-britanie\/","name":"Inimile vorbesc rom\u00e2ne\u0219te - un proiect dedicat rom\u00e2nilor din Marea Britanie - Uniunea Ziari\u0219tilor Profesioni\u0219ti din Rom\u00e2nia (UZPR) % %","isPartOf":{"@id":"https:\/\/uzpruk.com\/#website"},"primaryImageOfPage":{"@id":"https:\/\/uzpruk.com\/inimile-vorbesc-romaneste-un-proiect-dedicat-romanilor-din-marea-britanie\/#primaryimage"},"image":{"@id":"https:\/\/uzpruk.com\/inimile-vorbesc-romaneste-un-proiect-dedicat-romanilor-din-marea-britanie\/#primaryimage"},"thumbnailUrl":"https:\/\/uzpruk.com\/wp-content\/uploads\/2022\/12\/BPS_93681-1.jpg","datePublished":"2022-12-02T16:46:17+00:00","dateModified":"2022-12-06T12:48:11+00:00","description":"Ziua Na\u021bional\u0103 a Rom\u00e2niei, 1 Decembrie 2022, a adus rom\u00e2nilor din Marea Britanie anun\u021bul unui nou proiect editorial destinat rom\u00e2nilor care tr\u0103iesc pe teritoriul regatului britanic, realizat de jurnalista Alice N\u0103stase Buciuta cu sprijinul Departamentului pentru Rom\u00e2nii de Pretutindeni \u0219i \u00een parteneriat cu Uniunea Ziari\u0219tilor Profesioni\u0219ti din Rom\u00e2nia - Filiala Marea Britanie. \"Inimile vorbesc rom\u00e2ne\u0219te\" este numele proiectului care a adunat o serie de cinci interviuri,.","breadcrumb":{"@id":"https:\/\/uzpruk.com\/inimile-vorbesc-romaneste-un-proiect-dedicat-romanilor-din-marea-britanie\/#breadcrumb"},"inLanguage":"en-GB","potentialAction":[{"@type":"ReadAction","target":["https:\/\/uzpruk.com\/inimile-vorbesc-romaneste-un-proiect-dedicat-romanilor-din-marea-britanie\/"]}]},{"@type":"ImageObject","inLanguage":"en-GB","@id":"https:\/\/uzpruk.com\/inimile-vorbesc-romaneste-un-proiect-dedicat-romanilor-din-marea-britanie\/#primaryimage","url":"https:\/\/uzpruk.com\/wp-content\/uploads\/2022\/12\/BPS_93681-1.jpg","contentUrl":"https:\/\/uzpruk.com\/wp-content\/uploads\/2022\/12\/BPS_93681-1.jpg","width":2000,"height":1124},{"@type":"BreadcrumbList","@id":"https:\/\/uzpruk.com\/inimile-vorbesc-romaneste-un-proiect-dedicat-romanilor-din-marea-britanie\/#breadcrumb","itemListElement":[{"@type":"ListItem","position":1,"name":"Home","item":"https:\/\/uzpruk.com\/"},{"@type":"ListItem","position":2,"name":"Inimile vorbesc rom\u00e2ne\u0219te &#8211; un proiect dedicat rom\u00e2nilor din Marea Britanie"}]},{"@type":"WebSite","@id":"https:\/\/uzpruk.com\/#website","url":"https:\/\/uzpruk.com\/","name":"Uniunea Ziari\u0219tilor Profesioni\u0219ti din Rom\u00e2nia (UZPR)","description":"\u00cempreun\u0103 scriem istoria clipei","publisher":{"@id":"https:\/\/uzpruk.com\/#organization"},"potentialAction":[{"@type":"SearchAction","target":{"@type":"EntryPoint","urlTemplate":"https:\/\/uzpruk.com\/?s={search_term_string}"},"query-input":{"@type":"PropertyValueSpecification","valueRequired":true,"valueName":"search_term_string"}}],"inLanguage":"en-GB"},{"@type":"Organization","@id":"https:\/\/uzpruk.com\/#organization","name":"Uniunea Ziari\u0219tilor Profesioni\u0219ti din Rom\u00e2nia (UZPR)","url":"https:\/\/uzpruk.com\/","logo":{"@type":"ImageObject","inLanguage":"en-GB","@id":"https:\/\/uzpruk.com\/#\/schema\/logo\/image\/","url":"https:\/\/uzpruk.com\/wp-content\/uploads\/2021\/09\/header-site2.png","contentUrl":"https:\/\/uzpruk.com\/wp-content\/uploads\/2021\/09\/header-site2.png","width":831,"height":141,"caption":"Uniunea Ziari\u0219tilor Profesioni\u0219ti din Rom\u00e2nia (UZPR)"},"image":{"@id":"https:\/\/uzpruk.com\/#\/schema\/logo\/image\/"}},{"@type":"Person","@id":"https:\/\/uzpruk.com\/#\/schema\/person\/05cac5ef7588589f3ec1c09edf307b41","name":"Nistor Becia","image":{"@type":"ImageObject","inLanguage":"en-GB","@id":"https:\/\/uzpruk.com\/wp-content\/litespeed\/avatar\/c7212638db3e29e65ed69df9a3fbfe5d.jpg?ver=1776852268","url":"https:\/\/uzpruk.com\/wp-content\/litespeed\/avatar\/c7212638db3e29e65ed69df9a3fbfe5d.jpg?ver=1776852268","contentUrl":"https:\/\/uzpruk.com\/wp-content\/litespeed\/avatar\/c7212638db3e29e65ed69df9a3fbfe5d.jpg?ver=1776852268","caption":"Nistor Becia"},"url":"#molongui-disabled-link"}]}},"blog_post_layout_featured_media_urls":{"thumbnail":["https:\/\/uzpruk.com\/wp-content\/uploads\/2022\/12\/BPS_93681-1-150x150.jpg",150,150,true],"full":["https:\/\/uzpruk.com\/wp-content\/uploads\/2022\/12\/BPS_93681-1.jpg",2000,1124,false]},"categories_names":{"43":{"name":"NEWS","link":"https:\/\/uzpruk.com\/en\/category\/actualitate\/"}},"tags_names":{"142":{"name":"Alice Nastase Buciuta","link":"https:\/\/uzpruk.com\/en\/tag\/alice-nastase-buciuta\/"},"201":{"name":"Inimile vorbesc rom\u00e2ne\u0219te","link":"https:\/\/uzpruk.com\/en\/tag\/inimile-vorbesc-romaneste\/"},"203":{"name":"interviuri","link":"https:\/\/uzpruk.com\/en\/tag\/interviuri\/"},"202":{"name":"podcast","link":"https:\/\/uzpruk.com\/en\/tag\/podcast\/"},"69":{"name":"UZPR","link":"https:\/\/uzpruk.com\/en\/tag\/uzpr\/"},"86":{"name":"UZPR UK","link":"https:\/\/uzpruk.com\/en\/tag\/uzpr-uk\/"}},"comments_number":"0","wpmagazine_modules_lite_featured_media_urls":{"thumbnail":["https:\/\/uzpruk.com\/wp-content\/uploads\/2022\/12\/BPS_93681-1-150x150.jpg",150,150,true],"cvmm-medium":["https:\/\/uzpruk.com\/wp-content\/uploads\/2022\/12\/BPS_93681-1-300x300.jpg",300,300,true],"cvmm-medium-plus":["https:\/\/uzpruk.com\/wp-content\/uploads\/2022\/12\/BPS_93681-1-305x207.jpg",305,207,true],"cvmm-portrait":["https:\/\/uzpruk.com\/wp-content\/uploads\/2022\/12\/BPS_93681-1-400x600.jpg",400,600,true],"cvmm-medium-square":["https:\/\/uzpruk.com\/wp-content\/uploads\/2022\/12\/BPS_93681-1-600x600.jpg",600,600,true],"cvmm-large":["https:\/\/uzpruk.com\/wp-content\/uploads\/2022\/12\/BPS_93681-1-1024x1024.jpg",1024,1024,true],"cvmm-small":["https:\/\/uzpruk.com\/wp-content\/uploads\/2022\/12\/BPS_93681-1-130x95.jpg",130,95,true],"full":["https:\/\/uzpruk.com\/wp-content\/uploads\/2022\/12\/BPS_93681-1.jpg",2000,1124,false]},"_links":{"self":[{"href":"https:\/\/uzpruk.com\/en\/wp-json\/wp\/v2\/posts\/1797","targetHints":{"allow":["GET"]}}],"collection":[{"href":"https:\/\/uzpruk.com\/en\/wp-json\/wp\/v2\/posts"}],"about":[{"href":"https:\/\/uzpruk.com\/en\/wp-json\/wp\/v2\/types\/post"}],"author":[{"embeddable":true,"href":"https:\/\/uzpruk.com\/en\/wp-json\/wp\/v2\/users\/3"}],"replies":[{"embeddable":true,"href":"https:\/\/uzpruk.com\/en\/wp-json\/wp\/v2\/comments?post=1797"}],"version-history":[{"count":7,"href":"https:\/\/uzpruk.com\/en\/wp-json\/wp\/v2\/posts\/1797\/revisions"}],"predecessor-version":[{"id":1807,"href":"https:\/\/uzpruk.com\/en\/wp-json\/wp\/v2\/posts\/1797\/revisions\/1807"}],"wp:featuredmedia":[{"embeddable":true,"href":"https:\/\/uzpruk.com\/en\/wp-json\/wp\/v2\/media\/1803"}],"wp:attachment":[{"href":"https:\/\/uzpruk.com\/en\/wp-json\/wp\/v2\/media?parent=1797"}],"wp:term":[{"taxonomy":"category","embeddable":true,"href":"https:\/\/uzpruk.com\/en\/wp-json\/wp\/v2\/categories?post=1797"},{"taxonomy":"post_tag","embeddable":true,"href":"https:\/\/uzpruk.com\/en\/wp-json\/wp\/v2\/tags?post=1797"}],"curies":[{"name":"wp","href":"https:\/\/api.w.org\/{rel}","templated":true}]}}